{"id":1094,"date":"2015-03-20T10:15:33","date_gmt":"2015-03-20T09:15:33","guid":{"rendered":"http:\/\/www.lesanglaisesontlacote.org\/?p=1094"},"modified":"2024-12-11T14:57:32","modified_gmt":"2024-12-11T13:57:32","slug":"avignon-motor-festival-2015","status":"publish","type":"post","link":"http:\/\/www.lesanglaisesontlacote.org\/?p=1094","title":{"rendered":"AVIGNON MOTOR FESTIVAL 2015"},"content":{"rendered":"<p><img loading=\"lazy\" decoding=\"async\" class=\"ngg-singlepic ngg-center\" src=\"http:\/\/www.lesanglaisesontlacote.org\/wp-content\/gallery\/avignon-motor-festival-2015\/photo-3.JPG\" alt=\"photo 3\" width=\"395\" height=\"226\" \/><\/p>\n<p>Cette ann\u00e9e encore, les AOC ont particip\u00e9 \u00e0 l\u2019Avignon Motor Festival.<\/p>\n<p>A la suite de l\u2019inscription il a fallu trouver comment illustrer le stand. Une adorable MG F rouge repr\u00e9sentera les Youngtimers et une Jaguar XK 140 illustrera le glorieux pass\u00e9 des anglaises classiques.<\/p>\n<p>Quelques objets vintages, des affiches des manifestations pass\u00e9es de Bandol ach\u00e8veront la d\u00e9co du stand.<\/p>\n<p>Le jeudi nous nous sommes retrouv\u00e9s \u00e0 14h00 devant le parc des expos. La fourmili\u00e8re est en \u00e9bullition, l\u2019acc\u00e8s est difficile et nous n\u2019en menons pas large avec nos\u00a0\u00ab\u00a0petites\u00a0\u00bb\u00a0 voitures \u00e0 cot\u00e9 des\u00a0 camions, tracteurs de certains exposants, sans parler des semi-remorques des professionnels qui tentent de se frayer un chemin dans la cohue.<\/p>\n<p>Apr\u00e8s une apr\u00e8s-midi de labeur, le stand est pr\u00eat et nous n\u2019avons pas \u00e0 rougir de la prestation. Nous avons r\u00e9ussi \u00e0 renouveler le look du stand tout en conservant son identit\u00e9.<\/p>\n<p>Bien que les membres du club soient venus en nombre pour assurer l\u2019accueil, il n\u2019est pas facile de s\u2019absenter un moment pour visiter le salon. Le stand ne d\u00e9semplit pas. Les habitu\u00e9s viennent valider la date du rassemblement de Bandol (14 juin). Les autres viennent prendre des informations ou des photos des voitures expos\u00e9es et l\u2019int\u00e9r\u00eat suscit\u00e9 par les deux mod\u00e8les est tr\u00e8s \u00e9quilibr\u00e9.<\/p>\n<p>Le vendredi est d\u2019avantage fr\u00e9quent\u00e9 par les amateurs retrait\u00e9s ou les passionn\u00e9s qui ont pos\u00e9 une journ\u00e9e de cong\u00e9s, l\u2019ambiance est calme et pos\u00e9e. Les visiteurs du samedi sont\u00a0\u00a0 mix\u00e9s, les vrais mordus arrivent t\u00f4t et l\u2019ambiance est plus anim\u00e9e.<\/p>\n<p>Le dimanche, malgr\u00e9 les averses, les visiteurs viennent en famille, les enfants sont plus nombreux et le stand n\u2019est pas souvent d\u00e9sert.<\/p>\n<p>Les 3 jours du salon sont pass\u00e9s tr\u00e8s vite et nous pensons d\u00e9j\u00e0 \u00e0 l\u2019ann\u00e9e prochaine.<\/p>\n<p>&nbsp;<\/p>\n","protected":false},"excerpt":{"rendered":"<p>Cette ann\u00e9e encore, les AOC ont particip\u00e9 \u00e0 l\u2019Avignon Motor Festival. A la suite de l\u2019inscription il a fallu trouver comment illustrer le stand. Une adorable MG F rouge repr\u00e9sentera les Youngtimers et une Jaguar XK 140 illustrera le glorieux pass\u00e9 des anglaises classiques. Quelques objets vintages, des affiches des manifestations pass\u00e9es de Bandol ach\u00e8veront [&hellip;]<\/p>\n","protected":false},"author":1,"featured_media":0,"comment_status":"closed","ping_status":"closed","sticky":false,"template":"","format":"standard","meta":{"ngg_post_thumbnail":0,"footnotes":""},"categories":[15],"tags":[],"_links":{"self":[{"href":"http:\/\/www.lesanglaisesontlacote.org\/index.php?rest_route=\/wp\/v2\/posts\/1094"}],"collection":[{"href":"http:\/\/www.lesanglaisesontlacote.org\/index.php?rest_route=\/wp\/v2\/posts"}],"about":[{"href":"http:\/\/www.lesanglaisesontlacote.org\/index.php?rest_route=\/wp\/v2\/types\/post"}],"author":[{"embeddable":true,"href":"http:\/\/www.lesanglaisesontlacote.org\/index.php?rest_route=\/wp\/v2\/users\/1"}],"replies":[{"embeddable":true,"href":"http:\/\/www.lesanglaisesontlacote.org\/index.php?rest_route=%2Fwp%2Fv2%2Fcomments&post=1094"}],"version-history":[{"count":2,"href":"http:\/\/www.lesanglaisesontlacote.org\/index.php?rest_route=\/wp\/v2\/posts\/1094\/revisions"}],"predecessor-version":[{"id":1212,"href":"http:\/\/www.lesanglaisesontlacote.org\/index.php?rest_route=\/wp\/v2\/posts\/1094\/revisions\/1212"}],"wp:attachment":[{"href":"http:\/\/www.lesanglaisesontlacote.org\/index.php?rest_route=%2Fwp%2Fv2%2Fmedia&parent=1094"}],"wp:term":[{"taxonomy":"category","embeddable":true,"href":"http:\/\/www.lesanglaisesontlacote.org\/index.php?rest_route=%2Fwp%2Fv2%2Fcategories&post=1094"},{"taxonomy":"post_tag","embeddable":true,"href":"http:\/\/www.lesanglaisesontlacote.org\/index.php?rest_route=%2Fwp%2Fv2%2Ftags&post=1094"}],"curies":[{"name":"wp","href":"https:\/\/api.w.org\/{rel}","templated":true}]}}