{"id":1029,"date":"2014-09-14T20:40:14","date_gmt":"2014-09-14T19:40:14","guid":{"rendered":"http:\/\/www.lesanglaisesontlacote.org\/?p=1029"},"modified":"2024-12-11T14:57:47","modified_gmt":"2024-12-11T13:57:47","slug":"la-2eme-parade-des-sablettes-du-14-septembre-2014","status":"publish","type":"post","link":"http:\/\/www.lesanglaisesontlacote.org\/?p=1029","title":{"rendered":"La 2\u00e8me parade des Sablettes du 14 septembre 2014"},"content":{"rendered":"<p><!-- default-view.php -->\n<div\n\tclass=\"ngg-galleryoverview default-view\n\t ngg-ajax-pagination-none\t\"\n\tid=\"ngg-gallery-c50ec9f9bfa2854a0f4dbb0929931b66-1\"\n\tdata-nextgen-gallery-id=\"31\"\n\tdata-gallery-id=\"31\"\n\t\tdata-gallery-name=\"Les sablettes 2014\"\n\t>\n\n\t\t<!-- Thumbnails -->\n\t\t\t\t<div id=\"ngg-image-0\" class=\"ngg-gallery-thumbnail-box\n\t\t\t\t\t\t\t\t\t\t\t\"\n\t\t\t>\n\t\t\t\t\t\t<div class=\"ngg-gallery-thumbnail\">\n\t\t<a href=\"http:\/\/www.lesanglaisesontlacote.org\/wp-content\/gallery\/les-sablettes-2014\/D%C3%A9part-du-parking-9.jpg?t=1732397672\"\n\t\t\ttitle=\"\"\n\t\t\tdata-src=\"http:\/\/www.lesanglaisesontlacote.org\/wp-content\/gallery\/les-sablettes-2014\/D%C3%A9part-du-parking-9.jpg?t=1732397672\"\n\t\t\tdata-thumbnail=\"http:\/\/www.lesanglaisesontlacote.org\/wp-content\/gallery\/les-sablettes-2014\/thumbs\/thumbs_D%C3%A9part-du-parking-9.jpg?t=1732397672\"\n\t\t\tdata-image-id=\"580\"\n\t\t\tdata-image-name=\"D\u00e9part-du-parking-9.jpg\"\n\t\t\tdata-title=\"D\u00e9part du parking (9)\"\n\t\t\tdata-description=\"\"\n\t\t\tdata-image-slug=\"d%c3%a9part-du-parking-9-1\"\n\t\t\t\t\t\t\t\t\t\t\t\t\t\t\t\t\t\t\t\tclass=\"ngg-fancybox\" rel=\"c50ec9f9bfa2854a0f4dbb0929931b66\">\n\t\t\t\t\t\t\t\t<img\n\t\t\t\t\ttitle=\"D\u00e9part du parking (9)\"\n\t\t\t\t\talt=\"D\u00e9part du parking (9)\"\n\t\t\t\t\tsrc=\"http:\/\/www.lesanglaisesontlacote.org\/wp-content\/gallery\/les-sablettes-2014\/thumbs\/thumbs_D%C3%A9part-du-parking-9.jpg?t=1732397672\"\n\t\t\t\t\twidth=\"120\"\n\t\t\t\t\theight=\"90\"\n\t\t\t\t\tstyle=\"max-width:100%;\"\n\t\t\t\t\/>\n\t\t\t<\/a>\n\t\t<\/div>\n\t\t\t\t\t\t\t<\/div>\n\t\t\t\n\t\t\t\t<div id=\"ngg-image-1\" class=\"ngg-gallery-thumbnail-box\n\t\t\t\t\t\t\t\t\t\t\t\"\n\t\t\t>\n\t\t\t\t\t\t<div class=\"ngg-gallery-thumbnail\">\n\t\t<a href=\"http:\/\/www.lesanglaisesontlacote.org\/wp-content\/gallery\/les-sablettes-2014\/Devant-lEscale-8.jpg?t=1412192030\"\n\t\t\ttitle=\" \"\n\t\t\tdata-src=\"http:\/\/www.lesanglaisesontlacote.org\/wp-content\/gallery\/les-sablettes-2014\/Devant-lEscale-8.jpg?t=1412192030\"\n\t\t\tdata-thumbnail=\"http:\/\/www.lesanglaisesontlacote.org\/wp-content\/gallery\/les-sablettes-2014\/thumbs\/thumbs_Devant-lEscale-8.jpg?t=1412192030\"\n\t\t\tdata-image-id=\"581\"\n\t\t\tdata-image-name=\"Devant-lEscale-8.jpg\"\n\t\t\tdata-title=\"Devant l&#039;Escale (8)\"\n\t\t\tdata-description=\" \"\n\t\t\tdata-image-slug=\"devant-lescale-8\"\n\t\t\t\t\t\t\t\t\t\t\t\t\t\t\t\t\t\t\t\tclass=\"ngg-fancybox\" rel=\"c50ec9f9bfa2854a0f4dbb0929931b66\">\n\t\t\t\t\t\t\t\t<img\n\t\t\t\t\ttitle=\"Devant l&#039;Escale (8)\"\n\t\t\t\t\talt=\"Devant l&#039;Escale (8)\"\n\t\t\t\t\tsrc=\"http:\/\/www.lesanglaisesontlacote.org\/wp-content\/gallery\/les-sablettes-2014\/thumbs\/thumbs_Devant-lEscale-8.jpg?t=1412192030\"\n\t\t\t\t\twidth=\"120\"\n\t\t\t\t\theight=\"90\"\n\t\t\t\t\tstyle=\"max-width:100%;\"\n\t\t\t\t\/>\n\t\t\t<\/a>\n\t\t<\/div>\n\t\t\t\t\t\t\t<\/div>\n\t\t\t\n\t\t\t\t<div id=\"ngg-image-2\" class=\"ngg-gallery-thumbnail-box\n\t\t\t\t\t\t\t\t\t\t\t\"\n\t\t\t>\n\t\t\t\t\t\t<div class=\"ngg-gallery-thumbnail\">\n\t\t<a href=\"http:\/\/www.lesanglaisesontlacote.org\/wp-content\/gallery\/les-sablettes-2014\/Rue-principale-1-8.jpg?t=1412192039\"\n\t\t\ttitle=\" \"\n\t\t\tdata-src=\"http:\/\/www.lesanglaisesontlacote.org\/wp-content\/gallery\/les-sablettes-2014\/Rue-principale-1-8.jpg?t=1412192039\"\n\t\t\tdata-thumbnail=\"http:\/\/www.lesanglaisesontlacote.org\/wp-content\/gallery\/les-sablettes-2014\/thumbs\/thumbs_Rue-principale-1-8.jpg?t=1412192039\"\n\t\t\tdata-image-id=\"582\"\n\t\t\tdata-image-name=\"Rue-principale-1-8.jpg\"\n\t\t\tdata-title=\"Rue principale 1 (8)\"\n\t\t\tdata-description=\" \"\n\t\t\tdata-image-slug=\"rue-principale-1-8\"\n\t\t\t\t\t\t\t\t\t\t\t\t\t\t\t\t\t\t\t\tclass=\"ngg-fancybox\" rel=\"c50ec9f9bfa2854a0f4dbb0929931b66\">\n\t\t\t\t\t\t\t\t<img\n\t\t\t\t\ttitle=\"Rue principale 1 (8)\"\n\t\t\t\t\talt=\"Rue principale 1 (8)\"\n\t\t\t\t\tsrc=\"http:\/\/www.lesanglaisesontlacote.org\/wp-content\/gallery\/les-sablettes-2014\/thumbs\/thumbs_Rue-principale-1-8.jpg?t=1412192039\"\n\t\t\t\t\twidth=\"120\"\n\t\t\t\t\theight=\"90\"\n\t\t\t\t\tstyle=\"max-width:100%;\"\n\t\t\t\t\/>\n\t\t\t<\/a>\n\t\t<\/div>\n\t\t\t\t\t\t\t<\/div>\n\t\t\t\n\t\t\t\t<div id=\"ngg-image-3\" class=\"ngg-gallery-thumbnail-box\n\t\t\t\t\t\t\t\t\t\t\t\"\n\t\t\t>\n\t\t\t\t\t\t<div class=\"ngg-gallery-thumbnail\">\n\t\t<a href=\"http:\/\/www.lesanglaisesontlacote.org\/wp-content\/gallery\/les-sablettes-2014\/Rue-principale-2-9.jpg?t=1412192047\"\n\t\t\ttitle=\" \"\n\t\t\tdata-src=\"http:\/\/www.lesanglaisesontlacote.org\/wp-content\/gallery\/les-sablettes-2014\/Rue-principale-2-9.jpg?t=1412192047\"\n\t\t\tdata-thumbnail=\"http:\/\/www.lesanglaisesontlacote.org\/wp-content\/gallery\/les-sablettes-2014\/thumbs\/thumbs_Rue-principale-2-9.jpg?t=1412192047\"\n\t\t\tdata-image-id=\"583\"\n\t\t\tdata-image-name=\"Rue-principale-2-9.jpg\"\n\t\t\tdata-title=\"Rue principale 2 (9)\"\n\t\t\tdata-description=\" \"\n\t\t\tdata-image-slug=\"rue-principale-2-9\"\n\t\t\t\t\t\t\t\t\t\t\t\t\t\t\t\t\t\t\t\tclass=\"ngg-fancybox\" rel=\"c50ec9f9bfa2854a0f4dbb0929931b66\">\n\t\t\t\t\t\t\t\t<img\n\t\t\t\t\ttitle=\"Rue principale 2 (9)\"\n\t\t\t\t\talt=\"Rue principale 2 (9)\"\n\t\t\t\t\tsrc=\"http:\/\/www.lesanglaisesontlacote.org\/wp-content\/gallery\/les-sablettes-2014\/thumbs\/thumbs_Rue-principale-2-9.jpg?t=1412192047\"\n\t\t\t\t\twidth=\"120\"\n\t\t\t\t\theight=\"90\"\n\t\t\t\t\tstyle=\"max-width:100%;\"\n\t\t\t\t\/>\n\t\t\t<\/a>\n\t\t<\/div>\n\t\t\t\t\t\t\t<\/div>\n\t\t\t\n\t\n\t<br style=\"clear: both\" \/>\n\n\t\n\t\t<!-- Pagination -->\n\t\t<div class='ngg-clear'><\/div>\t<\/div>\n<\/p>\n<p>La 2\u00e8me parade des Sablettes a \u00e9t\u00e9 un succ\u00e8s accompagn\u00e9 d&rsquo;un grand soleil et d&rsquo;une chaude temp\u00e9rature d&rsquo;arri\u00e8re-saison.<\/p>\n<p>Ainsi, elle s\u2019inscrit d\u00e9j\u00e0 par sa popularit\u00e9 dans les grandes manifestations r\u00e9gionales de la rentr\u00e9e.<\/p>\n<p>Le parking couvert, point de d\u00e9part de la manifestation, nous a permis d&rsquo;accueillir la centaine de voitures, et de partager caf\u00e9, croissants et bonne humeur. Apr\u00e8s la remise des plaques rallyes et des tickets repas \u00e0 chaque \u00e9quipage, le cort\u00e8ge s&rsquo;est dirig\u00e9 en direction du port de La Seyne escort\u00e9 par la police municipale.<\/p>\n<p>Les deux tours de parade dans le quartier des Sablettes ont permis \u00e0 la foule, venue pour l&rsquo;occasion, de profiter du d\u00e9fil\u00e9 de nos voitures rutilantes.<\/p>\n<p>C&rsquo;est plus de 100 voitures qui se sont retrouv\u00e9es aux Sablettes, occupant les abords du man\u00e8ge et la rue principale.<\/p>\n<p>A la suite de cette sympathique\u00a0 promenade, nous avons pu nous restaurer autour d&rsquo;excellentes moules frites servies par l&rsquo;aimable et efficace \u00e9quipe du restaurant l&rsquo;Escale.<\/p>\n<p>En fin de repas, nous avons eu l&rsquo;agr\u00e9able surprise d&rsquo;un dessert offert \u00e0 l&rsquo;ensemble des participants.<\/p>\n<p>Pour cl\u00f4turer en beaut\u00e9 cette journ\u00e9e, les propri\u00e9taires des voitures s\u00e9lectionn\u00e9es par le jury des AOC ont re\u00e7u leur troph\u00e9e.<\/p>\n<p>La coupe de la \u00ab\u00a0V\u00e9t\u00e9rante\u00a0\u00bb a r\u00e9compens\u00e9 l&rsquo;exceptionnelle Peugeot 201 coup\u00e9 sport 1932 conduite par un \u00e9quipage f\u00e9minin venue par la route depuis Pignans.<\/p>\n<p>La Marcos a remport\u00e9 le prix de la \u00ab\u00a0Raret\u00e9\u00a0\u00bb, tandis que la Renault Fr\u00e9gate \u00e0 transmission automatique et conduite \u00e0 droite recevait le prix de \u00a0\u00bb L&rsquo;insolite\u00a0\u00bb.<\/p>\n<p>Nous remercions tous les participants et spectateurs qui ont fait de cette 2\u00e8me Parade des Sablettes un excellent moment de convivialit\u00e9 et vous donnons d\u2019ors et d\u00e9j\u00e0 rendez-vous \u00e0 l&rsquo;ann\u00e9e prochaine le 13 septembre 2015 pour la 3\u00e8me parade des Sablettes.<\/p>\n<p>&nbsp;<\/p>\n<p>L&rsquo;\u00e9quipe des AOC et le Pr\u00e9sident des commer\u00e7ants des Sablettes.<\/p>\n<p>&nbsp;<\/p>\n<p><!-- default-view.php -->\n<div\n\tclass=\"ngg-galleryoverview default-view\n\t ngg-ajax-pagination-none\t\"\n\tid=\"ngg-gallery-dd2ae3d868e5e11d9e49f962a60ced24-1\"\n\tdata-nextgen-gallery-id=\"31\"\n\tdata-gallery-id=\"31\"\n\t\tdata-gallery-name=\"Les sablettes 2014\"\n\t>\n\n\t\t<!-- Thumbnails -->\n\t\t\t\t<div id=\"ngg-image-0\" class=\"ngg-gallery-thumbnail-box\n\t\t\t\t\t\t\t\t\t\t\t\"\n\t\t\t>\n\t\t\t\t\t\t<div class=\"ngg-gallery-thumbnail\">\n\t\t<a href=\"http:\/\/www.lesanglaisesontlacote.org\/wp-content\/gallery\/les-sablettes-2014\/photosa.jpg?t=1412194387\"\n\t\t\ttitle=\"\"\n\t\t\tdata-src=\"http:\/\/www.lesanglaisesontlacote.org\/wp-content\/gallery\/les-sablettes-2014\/photosa.jpg?t=1412194387\"\n\t\t\tdata-thumbnail=\"http:\/\/www.lesanglaisesontlacote.org\/wp-content\/gallery\/les-sablettes-2014\/thumbs\/thumbs_photosa.jpg?t=1412194387\"\n\t\t\tdata-image-id=\"584\"\n\t\t\tdata-image-name=\"photosa.jpg\"\n\t\t\tdata-title=\"photosa\"\n\t\t\tdata-description=\"\"\n\t\t\tdata-image-slug=\"photosa\"\n\t\t\t\t\t\t\t\t\t\t\t\t\t\t\t\t\t\t\t\tclass=\"ngg-fancybox\" rel=\"dd2ae3d868e5e11d9e49f962a60ced24\">\n\t\t\t\t\t\t\t\t<img\n\t\t\t\t\ttitle=\"photosa\"\n\t\t\t\t\talt=\"photosa\"\n\t\t\t\t\tsrc=\"http:\/\/www.lesanglaisesontlacote.org\/wp-content\/gallery\/les-sablettes-2014\/thumbs\/thumbs_photosa.jpg?t=1412194387\"\n\t\t\t\t\twidth=\"120\"\n\t\t\t\t\theight=\"90\"\n\t\t\t\t\tstyle=\"max-width:100%;\"\n\t\t\t\t\/>\n\t\t\t<\/a>\n\t\t<\/div>\n\t\t\t\t\t\t\t<\/div>\n\t\t\t\n\t\t\t\t<div id=\"ngg-image-1\" class=\"ngg-gallery-thumbnail-box\n\t\t\t\t\t\t\t\t\t\t\t\"\n\t\t\t>\n\t\t\t\t\t\t<div class=\"ngg-gallery-thumbnail\">\n\t\t<a href=\"http:\/\/www.lesanglaisesontlacote.org\/wp-content\/gallery\/les-sablettes-2014\/photosab.jpg?t=1412194114\"\n\t\t\ttitle=\" \"\n\t\t\tdata-src=\"http:\/\/www.lesanglaisesontlacote.org\/wp-content\/gallery\/les-sablettes-2014\/photosab.jpg?t=1412194114\"\n\t\t\tdata-thumbnail=\"http:\/\/www.lesanglaisesontlacote.org\/wp-content\/gallery\/les-sablettes-2014\/thumbs\/thumbs_photosab.jpg?t=1412194114\"\n\t\t\tdata-image-id=\"585\"\n\t\t\tdata-image-name=\"photosab.jpg\"\n\t\t\tdata-title=\"photosab\"\n\t\t\tdata-description=\" \"\n\t\t\tdata-image-slug=\"photosab\"\n\t\t\t\t\t\t\t\t\t\t\t\t\t\t\t\t\t\t\t\tclass=\"ngg-fancybox\" rel=\"dd2ae3d868e5e11d9e49f962a60ced24\">\n\t\t\t\t\t\t\t\t<img\n\t\t\t\t\ttitle=\"photosab\"\n\t\t\t\t\talt=\"photosab\"\n\t\t\t\t\tsrc=\"http:\/\/www.lesanglaisesontlacote.org\/wp-content\/gallery\/les-sablettes-2014\/thumbs\/thumbs_photosab.jpg?t=1412194114\"\n\t\t\t\t\twidth=\"120\"\n\t\t\t\t\theight=\"90\"\n\t\t\t\t\tstyle=\"max-width:100%;\"\n\t\t\t\t\/>\n\t\t\t<\/a>\n\t\t<\/div>\n\t\t\t\t\t\t\t<\/div>\n\t\t\t\n\t\n\t<br style=\"clear: both\" \/>\n\n\t\n\t\t<!-- Pagination -->\n\t\t<div class='ngg-clear'><\/div>\t<\/div>\n<\/p>\n","protected":false},"excerpt":{"rendered":"<p>La 2\u00e8me parade des Sablettes a \u00e9t\u00e9 un succ\u00e8s accompagn\u00e9 d&rsquo;un grand soleil et d&rsquo;une chaude temp\u00e9rature d&rsquo;arri\u00e8re-saison. Ainsi, elle s\u2019inscrit d\u00e9j\u00e0 par sa popularit\u00e9 dans les grandes manifestations r\u00e9gionales de la rentr\u00e9e. Le parking couvert, point de d\u00e9part de la manifestation, nous a permis d&rsquo;accueillir la centaine de voitures, et de partager caf\u00e9, croissants [&hellip;]<\/p>\n","protected":false},"author":1,"featured_media":0,"comment_status":"closed","ping_status":"closed","sticky":false,"template":"","format":"standard","meta":{"ngg_post_thumbnail":0,"footnotes":""},"categories":[16],"tags":[],"_links":{"self":[{"href":"http:\/\/www.lesanglaisesontlacote.org\/index.php?rest_route=\/wp\/v2\/posts\/1029"}],"collection":[{"href":"http:\/\/www.lesanglaisesontlacote.org\/index.php?rest_route=\/wp\/v2\/posts"}],"about":[{"href":"http:\/\/www.lesanglaisesontlacote.org\/index.php?rest_route=\/wp\/v2\/types\/post"}],"author":[{"embeddable":true,"href":"http:\/\/www.lesanglaisesontlacote.org\/index.php?rest_route=\/wp\/v2\/users\/1"}],"replies":[{"embeddable":true,"href":"http:\/\/www.lesanglaisesontlacote.org\/index.php?rest_route=%2Fwp%2Fv2%2Fcomments&post=1029"}],"version-history":[{"count":5,"href":"http:\/\/www.lesanglaisesontlacote.org\/index.php?rest_route=\/wp\/v2\/posts\/1029\/revisions"}],"predecessor-version":[{"id":1040,"href":"http:\/\/www.lesanglaisesontlacote.org\/index.php?rest_route=\/wp\/v2\/posts\/1029\/revisions\/1040"}],"wp:attachment":[{"href":"http:\/\/www.lesanglaisesontlacote.org\/index.php?rest_route=%2Fwp%2Fv2%2Fmedia&parent=1029"}],"wp:term":[{"taxonomy":"category","embeddable":true,"href":"http:\/\/www.lesanglaisesontlacote.org\/index.php?rest_route=%2Fwp%2Fv2%2Fcategories&post=1029"},{"taxonomy":"post_tag","embeddable":true,"href":"http:\/\/www.lesanglaisesontlacote.org\/index.php?rest_route=%2Fwp%2Fv2%2Ftags&post=1029"}],"curies":[{"name":"wp","href":"https:\/\/api.w.org\/{rel}","templated":true}]}}